{"id":1760,"__str__":"Indica\u00e7\u00e3o n\u00ba 102 de 2023","link_detail_backend":"/materia/1760","metadata":{},"numero":102,"ano":2023,"numero_protocolo":null,"data_apresentacao":"2023-08-29","tipo_apresentacao":"E","data_publicacao":null,"numero_origem_externa":"","ano_origem_externa":null,"data_origem_externa":null,"apelido":"","dias_prazo":null,"data_fim_prazo":null,"em_tramitacao":false,"polemica":false,"objeto":"","complementar":false,"ementa":"\u2022\tAquisi\u00e7\u00e3o de um ve\u00edculo equipado segundo as regras da Associa\u00e7\u00e3o Brasileira de Normas T\u00e9cnicas (ABNT), para transporte apropriado de passageiros que apresentam restri\u00e7\u00f5es de mobilidade permanente ou tempor\u00e1ria.","indexacao":"","observacao":"","resultado":"","texto_original":null,"data_ultima_atualizacao":"2023-09-20T09:05:44.790311-03:00","ip":"177.131.228.186","ultima_edicao":"2023-09-20T09:02:51.849742-03:00","tipo":8,"regime_tramitacao":1,"tipo_origem_externa":null,"local_origem_externa":null,"user":38,"anexadas":[],"autores":[33]}