{"id":1813,"__str__":"Indica\u00e7\u00e3o n\u00ba 150 de 2023","link_detail_backend":"/materia/1813","metadata":{},"numero":150,"ano":2023,"numero_protocolo":null,"data_apresentacao":"2023-12-05","tipo_apresentacao":"E","data_publicacao":null,"numero_origem_externa":"","ano_origem_externa":null,"data_origem_externa":null,"apelido":"","dias_prazo":null,"data_fim_prazo":null,"em_tramitacao":false,"polemica":false,"objeto":"","complementar":false,"ementa":"\u2022\tA aquisi\u00e7\u00e3o de uma ambul\u00e2ncia para prestar atendimento de urg\u00eancia e emerg\u00eancia nos Povoados Baixa das Pedras, Chico Correia, Favela, Angico, Po\u00e7o Comprido e demais localidades circunvizinhas.","indexacao":"","observacao":"","resultado":"","texto_original":null,"data_ultima_atualizacao":"2023-12-28T12:52:35.932110-03:00","ip":"177.131.231.181","ultima_edicao":"2023-12-28T12:41:48.987414-03:00","tipo":8,"regime_tramitacao":1,"tipo_origem_externa":null,"local_origem_externa":null,"user":38,"anexadas":[],"autores":[31]}