{"id":2114,"__str__":"Mo\u00e7\u00e3o n\u00ba 2 de 2025","link_detail_backend":"/materia/2114","metadata":{},"numero":2,"ano":2025,"numero_protocolo":null,"data_apresentacao":"2025-10-07","tipo_apresentacao":"E","data_publicacao":null,"numero_origem_externa":"","ano_origem_externa":null,"data_origem_externa":null,"apelido":"","dias_prazo":null,"data_fim_prazo":null,"em_tramitacao":false,"polemica":false,"objeto":"","complementar":false,"ementa":"A C\u00c2MARA MUNICIPAL DE GL\u00d3RIA, ESTADO DA BAHIA, por iniciativa da Vereadora Silvania Silva\r\nCosta, no exerc\u00edcio de sua fun\u00e7\u00e3o parlamentar, registra nos documentos oficiais desta Casa Legislativa a\r\npresente MO\u00c7\u00c3O DE APLAUSOS a \"Banda de P\u00edfano\" composta por ind\u00edgenas Pankarar\u00e9s: Manoel de\r\nOt\u00edlia, Dam\u00e1sio, Quito e Manoel Gl\u00f3ria.","indexacao":"","observacao":"","resultado":"","texto_original":"http://sapl.gloria.ba.leg.br/media/sapl/public/materialegislativa/2025/2114/mocao_02.pdf","data_ultima_atualizacao":"2025-11-12T09:26:34.613351-03:00","ip":"138.122.29.72","ultima_edicao":"2025-11-12T09:25:24.994425-03:00","tipo":7,"regime_tramitacao":1,"tipo_origem_externa":null,"local_origem_externa":null,"user":30,"anexadas":[],"autores":[42]}