{"id":426,"__str__":"Projeto de Lei Ordin\u00e1ria n\u00ba 2 de 2015","link_detail_backend":"/materia/426","metadata":{},"numero":2,"ano":2015,"numero_protocolo":null,"data_apresentacao":"2015-03-26","tipo_apresentacao":"E","data_publicacao":null,"numero_origem_externa":"","ano_origem_externa":null,"data_origem_externa":null,"apelido":"","dias_prazo":null,"data_fim_prazo":null,"em_tramitacao":false,"polemica":false,"objeto":"","complementar":false,"ementa":"&#8220;DENOMINA DE RUA JOS\u00c9 AUGUSTO DA SILVA A RUA PROJETADA NA SEDE DO MUNIC\u00cdPIO E D\u00c1 OUTRAS PROVID\u00caNCIAS\".","indexacao":"","observacao":"","resultado":"","texto_original":"http://sapl.gloria.ba.leg.br/media/sapl/public/materialegislativa/2015/426/426_texto_integral.pdf","data_ultima_atualizacao":"2021-02-19T11:54:25.682116-03:00","ip":"","ultima_edicao":null,"tipo":1,"regime_tramitacao":1,"tipo_origem_externa":null,"local_origem_externa":null,"user":null,"anexadas":[],"autores":[2]}