{"id":813,"__str__":"Requerimento n\u00ba 12 de 2019 | Adiada discuss\u00e3o e vota\u00e7\u00e3o. | 27/03/2019","link_detail_backend":"/materia/tramitacao/813","metadata":{},"timestamp":"2019-03-27T11:30:32.550793-03:00","data_tramitacao":"2019-03-27","data_encaminhamento":null,"urgente":false,"turno":"","texto":"O VEREADOR N\u00c3O ESTAVA PRESENTE NA SESS\u00c3O.","data_fim_prazo":null,"ip":"","ultima_edicao":null,"status":48,"materia":910,"unidade_tramitacao_local":2,"unidade_tramitacao_destino":1,"user":null}